{"id":1909,"date":"2024-11-04T12:09:19","date_gmt":"2024-11-04T12:09:19","guid":{"rendered":"http:\/\/www.smalandsakademi.se\/?p=1909"},"modified":"2024-11-05T07:04:00","modified_gmt":"2024-11-05T07:04:00","slug":"hogtidssammankomst-kalmar-2024","status":"publish","type":"post","link":"http:\/\/www.smalandsakademi.se\/?p=1909","title":{"rendered":"H\u00f6gtidssammankomst i Kalmar 2024"},"content":{"rendered":"\n<p>Alla priser delas ut den\u00a0<strong>16 nov i Kalmar<\/strong>\u00a0i samband med Sm\u00e5lands akademis H\u00f6gtidssammankomst. <\/p>\n\n\n\n<p>Alla \u00e4r v\u00e4lkomna!<\/p>\n\n\n\n<p>Program enligt f\u00f6ljande:<\/p>\n\n\n\n<p><strong>Kl. 14.00 \u2013 15.30&nbsp;<\/strong>Kalmar l\u00e4ns museum, Restaurang &amp; Kaf\u00e9 \u00c5ngkvarnen plan 4 \u2013 Skeppsbrogatan 51<\/p>\n\n\n\n<p>Kommunstyrelsens ordf\u00f6rande Johan Persson och akademins preses Kristina Als\u00e9r h\u00e4lsar v\u00e4lkomna. Pristagarna presenteras av akademiledamoten Stefan Edman som ocks\u00e5 samtalar med dem p\u00e5 temat; \u201dOro &amp; Framtidstro\u201d.<\/p>\n\n\n\n<p>Samtidigt bjuds \u00e5h\u00f6rarna p\u00e5 ostkaka och kaffe. <\/p>\n\n\n\n<p><strong>Kl. 16.00-17.15&nbsp;<\/strong>Domkyrkan&nbsp;<\/p>\n\n\n\n<p>H\u00f6gtidlig prisutdelningen, med tal och musik. <\/p>\n","protected":false},"excerpt":{"rendered":"<p>Alla priser delas ut den\u00a016 nov i Kalmar\u00a0i samband med [&hellip;]<\/p>\n","protected":false},"author":1,"featured_media":0,"comment_status":"open","ping_status":"open","sticky":false,"template":"","format":"standard","meta":{"footnotes":""},"categories":[1],"tags":[],"class_list":["post-1909","post","type-post","status-publish","format-standard","hentry","category-okategoriserade"],"_links":{"self":[{"href":"http:\/\/www.smalandsakademi.se\/index.php?rest_route=\/wp\/v2\/posts\/1909","targetHints":{"allow":["GET"]}}],"collection":[{"href":"http:\/\/www.smalandsakademi.se\/index.php?rest_route=\/wp\/v2\/posts"}],"about":[{"href":"http:\/\/www.smalandsakademi.se\/index.php?rest_route=\/wp\/v2\/types\/post"}],"author":[{"embeddable":true,"href":"http:\/\/www.smalandsakademi.se\/index.php?rest_route=\/wp\/v2\/users\/1"}],"replies":[{"embeddable":true,"href":"http:\/\/www.smalandsakademi.se\/index.php?rest_route=%2Fwp%2Fv2%2Fcomments&post=1909"}],"version-history":[{"count":2,"href":"http:\/\/www.smalandsakademi.se\/index.php?rest_route=\/wp\/v2\/posts\/1909\/revisions"}],"predecessor-version":[{"id":1912,"href":"http:\/\/www.smalandsakademi.se\/index.php?rest_route=\/wp\/v2\/posts\/1909\/revisions\/1912"}],"wp:attachment":[{"href":"http:\/\/www.smalandsakademi.se\/index.php?rest_route=%2Fwp%2Fv2%2Fmedia&parent=1909"}],"wp:term":[{"taxonomy":"category","embeddable":true,"href":"http:\/\/www.smalandsakademi.se\/index.php?rest_route=%2Fwp%2Fv2%2Fcategories&post=1909"},{"taxonomy":"post_tag","embeddable":true,"href":"http:\/\/www.smalandsakademi.se\/index.php?rest_route=%2Fwp%2Fv2%2Ftags&post=1909"}],"curies":[{"name":"wp","href":"https:\/\/api.w.org\/{rel}","templated":true}]}}