{"id":2029,"date":"2025-10-22T10:02:47","date_gmt":"2025-10-22T10:02:47","guid":{"rendered":"http:\/\/www.smalandsakademi.se\/?p=2029"},"modified":"2025-10-22T10:02:47","modified_gmt":"2025-10-22T10:02:47","slug":"valkomna-till-smalands-akademi-i-jonkoping-lordag-den-15-11","status":"publish","type":"post","link":"http:\/\/www.smalandsakademi.se\/?p=2029","title":{"rendered":"V\u00e4lkomna till Sm\u00e5lands akademi i J\u00f6nk\u00f6ping\u00a0l\u00f6rdag den 15\/11!"},"content":{"rendered":"\n<p>Klockan 11&nbsp;inleder vi i Huskvarna teater (Alfred Dalin-skolans matsal) med att professorerna Peter Aronsson och Lars-\u00c5ke Engblom talar om det uppfinningsrika Sm\u00e5land &#8211; som dessutom v\u00e5r nya bok handlar om. Sedan n\u00e5got om J\u00f6nk\u00f6pings gr\u00e4sligaste man: h\u00e4xj\u00e4garen M\u00e4ster H\u00e5kan med Meg N\u00f6mg\u00e5rd, slottschef i Kalmar.&nbsp; Kaffeservering och bokf\u00f6rs\u00e4ljning, I samarbete med f\u00f6reningen Teater i Huskvarna.&nbsp;<\/p>\n\n\n\n<figure class=\"wp-block-image size-full\"><img loading=\"lazy\" decoding=\"async\" width=\"383\" height=\"507\" src=\"http:\/\/www.smalandsakademi.se\/wp-content\/uploads\/2025\/09\/image.jpeg\" alt=\"\" class=\"wp-image-2014\" srcset=\"http:\/\/www.smalandsakademi.se\/wp-content\/uploads\/2025\/09\/image.jpeg 383w, http:\/\/www.smalandsakademi.se\/wp-content\/uploads\/2025\/09\/image-227x300.jpeg 227w\" sizes=\"auto, (max-width: 383px) 100vw, 383px\" \/><\/figure>\n\n\n\n<p>Klockan 14, Fokus i Stadsbiblioteket J\u00f6nk\u00f6ping. Presentation av, och samtal med, \u00e5rets sex pristagare. Det blir ocks\u00e5 h\u00e4r n\u00e5got om v\u00e5rt uppfinnsrika landskap med bokredakt\u00f6ren Cecilia Davidsson och Peter Aronsson. Efter m\u00f6tet bjuds ostkaka och s\u00e5 blir det bokf\u00f6rs\u00e4ljning.&nbsp;<\/p>\n\n\n\n<p>16.30 samlas vi i Kristine kyrka f\u00f6r prisutdelning. H\u00f6gtidliga tal och vacker musik.&nbsp;<\/p>\n","protected":false},"excerpt":{"rendered":"<p>Klockan 11&nbsp;inleder vi i Huskvarna teater (Alfred Dalin-skolans matsal) med [&hellip;]<\/p>\n","protected":false},"author":1,"featured_media":0,"comment_status":"open","ping_status":"open","sticky":false,"template":"","format":"standard","meta":{"footnotes":""},"categories":[1],"tags":[],"class_list":["post-2029","post","type-post","status-publish","format-standard","hentry","category-okategoriserade"],"_links":{"self":[{"href":"http:\/\/www.smalandsakademi.se\/index.php?rest_route=\/wp\/v2\/posts\/2029","targetHints":{"allow":["GET"]}}],"collection":[{"href":"http:\/\/www.smalandsakademi.se\/index.php?rest_route=\/wp\/v2\/posts"}],"about":[{"href":"http:\/\/www.smalandsakademi.se\/index.php?rest_route=\/wp\/v2\/types\/post"}],"author":[{"embeddable":true,"href":"http:\/\/www.smalandsakademi.se\/index.php?rest_route=\/wp\/v2\/users\/1"}],"replies":[{"embeddable":true,"href":"http:\/\/www.smalandsakademi.se\/index.php?rest_route=%2Fwp%2Fv2%2Fcomments&post=2029"}],"version-history":[{"count":1,"href":"http:\/\/www.smalandsakademi.se\/index.php?rest_route=\/wp\/v2\/posts\/2029\/revisions"}],"predecessor-version":[{"id":2030,"href":"http:\/\/www.smalandsakademi.se\/index.php?rest_route=\/wp\/v2\/posts\/2029\/revisions\/2030"}],"wp:attachment":[{"href":"http:\/\/www.smalandsakademi.se\/index.php?rest_route=%2Fwp%2Fv2%2Fmedia&parent=2029"}],"wp:term":[{"taxonomy":"category","embeddable":true,"href":"http:\/\/www.smalandsakademi.se\/index.php?rest_route=%2Fwp%2Fv2%2Fcategories&post=2029"},{"taxonomy":"post_tag","embeddable":true,"href":"http:\/\/www.smalandsakademi.se\/index.php?rest_route=%2Fwp%2Fv2%2Ftags&post=2029"}],"curies":[{"name":"wp","href":"https:\/\/api.w.org\/{rel}","templated":true}]}}