{"id":2032,"date":"2025-10-28T13:00:00","date_gmt":"2025-10-28T13:00:00","guid":{"rendered":"http:\/\/www.smalandsakademi.se\/?p=2032"},"modified":"2025-11-21T13:44:04","modified_gmt":"2025-11-21T13:44:04","slug":"ellborg-och-storck-in-i-smalandsakademin","status":"publish","type":"post","link":"http:\/\/www.smalandsakademi.se\/?p=2032","title":{"rendered":"Ellborg och Storck in i Sm\u00e5landsakademin\u00a0"},"content":{"rendered":"\n<p><em>Sex pristagare f\u00e5r dela p\u00e5 345&nbsp;000&nbsp;<\/em><\/p>\n\n\n\n<p>Den k\u00e4nde barnboksf\u00f6rfattaren&nbsp;<strong>Jakob Wegelius<\/strong>&nbsp;\u00e4r en av Sm\u00e5lands akademis pristagare i \u00e5r. Journalisterna&nbsp;<strong>Rakel Chukri&nbsp;<\/strong>och<strong>Margareta Andermo,&nbsp;<\/strong>fristadsf\u00f6rfattaren<strong>&nbsp;Asl\u0131 Ceren Aslan,&nbsp;<\/strong>Vandalorumchefen<strong>&nbsp;Elna Svenle&nbsp;<\/strong>och glaskonstn\u00e4ren<strong>&nbsp;Beck Lund Socia&nbsp;<\/strong>\u00e4r de fem \u00f6vriga.&nbsp;<\/p>\n\n\n\n<p>Prisutdelning sker i Kristine kyrka l\u00f6rdagen den 15 november kl 16.30. Dessf\u00f6rinnan presenteras pristagarna kl 14 p\u00e5 J\u00f6nk\u00f6pings stadsbibliotek.&nbsp;<\/p>\n\n\n\n<p>Akademin f\u00e5r ocks\u00e5 tv\u00e5 nya ledam\u00f6ter. Dels&nbsp;<strong>Katarina \u201dKattis\u201d Ellborg<\/strong>, doktor i f\u00f6retagsekonomi vid Linn\u00e9universitet. Hon arbetar ocks\u00e5 med teater i hemstaden Kalmar. Kommer att installeras p\u00e5 stol 8.&nbsp;<a href=\"https:\/\/lnu.se\/personal\/katarina.ellborg\/\">Katarina Ellborg | lnu.se<\/a>.<\/p>\n\n\n\n<p>Dels&nbsp;<strong>\u00c5sa Stock<\/strong>, J\u00f6nk\u00f6ping, f\u00f6rfattare och tidigare bibliotekschef. \u00c5sa har tidigare mottagit akademins Emilpris. F\u00e5r sitta p\u00e5 stol 12.&nbsp;<a href=\"https:\/\/sv.wikipedia.org\/wiki\/%C3%85sa_Storck\">\u00c5sa Storck \u2013 Wikipedia<\/a><\/p>\n\n\n\n<p><em>Motiveringar till priserna:&nbsp;<\/em><\/p>\n\n\n\n<p><strong>Wallquistpriset 2025 tilldelas Margareta Andermo&nbsp;<\/strong><\/p>\n\n\n\n<p><em>Journalisten Margareta Andermo har ink\u00e4nnande skildrat missionskallelsens kraft. Under Andra v\u00e4rldskriget arbetade hennes f\u00f6r\u00e4ldrar med krigsf\u00e5ngar i Europa, och i det forna belgiska Kongo med utbildning och h\u00e4lsov\u00e5rd. Erfarenheter fr\u00e5n tidiga \u00e5r har satt djupa sp\u00e5r i Andermos f\u00e4ngslande f\u00f6rfattarskap.\u00a0<\/em><\/p>\n\n\n\n<p>Priset \u00e4r sponsrat av Svenska kyrkan, V\u00e4xj\u00f6 stift och \u00e4r p\u00e5 40&nbsp;000 kronor<\/p>\n\n\n\n<p><a href=\"https:\/\/margaretaandermo.wordpress.com\/familjehistoria\/\">FamiljeHistoria | Margareta Andermo<\/a><\/p>\n\n\n\n<p><strong>Sm\u00e5lands akademis kulturpris 2025 tilldelas Beck Lund Socia<\/strong><\/p>\n\n\n\n<p><em>Med en osedvanlig talang och skicklighet som glashantverkare och som sj\u00e4lvst\u00e4ndig glaskonstn\u00e4r med eget uttryck ger Beck Lund Socia ny energi till den samtida glaskonsten. Med sin f\u00f6rm\u00e5ga skapar han b\u00e5de egna verk som k\u00e4nnetecknas av personlig stil med fin k\u00e4nsla f\u00f6r materialet och hantverket samt samarbetar lyh\u00f6rt med andra konstn\u00e4rer f\u00f6r att f\u00f6rverkliga deras intentioner.<\/em><\/p>\n\n\n\n<p>Priset \u00e4r sponsrat av Bertil och Gun Olsson och \u00e4r p\u00e5 75&nbsp;000 kronor.&nbsp;&nbsp;<\/p>\n\n\n\n<p><strong>Viktor Rydbergspris 2025 tilldelas&nbsp;Rakel Chukri&nbsp;<\/strong><\/p>\n\n\n\n<p><em>F\u00f6r en journalistisk g\u00e4rning, som med skarp blick, varm energi och uttrycksfull spr\u00e5kdr\u00e4kt l\u00e5ter pennan bli en etisk kompassn\u00e5l i flera av tidens viktiga fr\u00e5gor.<\/em><\/p>\n\n\n\n<p>Priset sponsras av Christina Hamrin och \u00e4r p\u00e5 75&nbsp;000 kronor.&nbsp;<\/p>\n\n\n\n<p>&nbsp;<a href=\"https:\/\/sv.wikipedia.org\/wiki\/Rakel_Chukri\">Rakel Chukri \u2013 Wikipedia<\/a><\/p>\n\n\n\n<p><strong>Viktor Rydbergspris 2025 tilldelas&nbsp;Asl\u0131 Ceren Aslan&nbsp;<\/strong><\/p>\n\n\n\n<p><em>F\u00f6r sitt stora journalistiska mod och brinnande intresse att ber\u00e4tta sanningen och f\u00f6r kampen mot alla former av f\u00f6rtryck, ett riskfyllt arbete som har inneburit ett liv i exil. I Sverige forts\u00e4tter hennes engagemang f\u00f6r tanke- och yttrandefrihet, kvinnors och hbtqi-personers r\u00e4ttigheter.<\/em><\/p>\n\n\n\n<p>Priset sponsras av Christina Hamrin och \u00e4r p\u00e5 75&nbsp;000 kronor.&nbsp;<\/p>\n\n\n\n<p><a href=\"https:\/\/en.wikipedia.org\/wiki\/Asl%C4%B1_Ceren_Aslan\">Asl\u0131 Ceren Aslan &#8211; Wikipedia<\/a><\/p>\n\n\n\n<p><a href=\"https:\/\/www.qx.se\/noje\/kultur\/255130\/fristadsforfattare-aslan-ger-rost-at-kvinnor-i-turkiet-i-ny-bok\/\">Fristadsf\u00f6rfattare Aslan ger r\u00f6st \u00e5t kvinnor i Turkiet i ny bok \u2013 QX<\/a><\/p>\n\n\n\n<p><strong>Linn\u00e9priset 2025 tilldelas Elna Svenle<\/strong><\/p>\n\n\n\n<p><em>F\u00f6r att hon i ledningen av Vandalorum sedan 2013 utvecklat en unik nationell och internationellt synlig och respekterad sm\u00e5l\u00e4ndsk kulturinstitution. I Linn\u00e9s anda skapar hon resurser f\u00f6r en h\u00e5llbar samh\u00e4llsutveckling genom att f\u00f6rena h\u00f6ga konstn\u00e4rliga ambitioner med ett samh\u00e4llsn\u00e4ra arbete.&nbsp;<\/em><\/p>\n\n\n\n<p>Priset sponsras av Ingemar Erlandsson Leek och \u00e4r p\u00e5 30&nbsp;000 kronor.&nbsp;&nbsp;<\/p>\n\n\n\n<p><strong>Emilpriset 2025 tilldelas Jakob Wegelius&nbsp;<\/strong><\/p>\n\n\n\n<p><em>F\u00f6r sina rika och m\u00e5ngfacetterade m\u00e4sterverk i ord och bild, som tar med l\u00e4saren p\u00e5 svindlande \u00e4ventyr till v\u00e4rldar v\u00e4vda av sagostoff skickligt f\u00f6rankrat i en historisk verklighet och som inte v\u00e4jer f\u00f6r m\u00f6rker och melankoli.<\/em><\/p>\n\n\n\n<p>Priset delas ut i samarbete med Litteraturnod Vimmerby och \u00e4r p\u00e5 50&nbsp;000 kronor.&nbsp;<\/p>\n\n\n\n<p><a href=\"https:\/\/sv.wikipedia.org\/wiki\/Jakob_Wegelius\">Jakob Wegelius \u2013 Wikipedia<\/a><\/p>\n\n\n\n<p>Media:<\/p>\n\n\n\n<p><a href=\"https:\/\/www.litteraturnodvimmerby.se\/2025\/10\/28\/emilpriset-till-jakob-wegelius\/\">Emilpriset till Jakob Wegelius &#8211; Litteraturnod Vimmerby<\/a><\/p>\n\n\n\n<p><a href=\"https:\/\/www.jp.se\/2025-10-28\/de-far-smalands-akademis-stipendier\/\">De f\u00e5r Sm\u00e5lands akademis stipendier \u2013 J\u00f6nk\u00f6pings-Posten<\/a><\/p>\n\n\n\n<p><a href=\"https:\/\/www.dagenskalmar.nu\/nyheter\/kultur\/e\/310469\/har-ar-pristagarna-som-far-dela-pa-345-000-kronor\/\">H\u00e4r \u00e4r pristagarna som f\u00e5r dela p\u00e5 345 000 kronor<\/a><\/p>\n\n\n\n<p><a href=\"https:\/\/www.vt.se\/nyheter\/mortfors\/artikel\/emilpriset-till-jakob-wegelius-trevligt-att-fa-uppskattning\/r903g7zr\">Emilpriset till Jakob Wegelius: &#8221;Trevligt att f\u00e5 uppskattning&#8221;<\/a><\/p>\n\n\n\n<p><a href=\"https:\/\/www.sydsvenskan.se\/kultur\/rakel-chukri-jag-vill-diskutera-det-som-ar-svart-men-viktigt\/\">Rakel Chukri: Jag vill diskutera det som \u00e4r sv\u00e5rt men viktigt \u2013 Sydsvenskan<\/a><\/p>\n\n\n\n<p><a href=\"https:\/\/www.smp.se\/kultur\/sex-pristagare-far-dela-pa-345-000-kronor\/\">Sex pristagare f\u00e5r dela p\u00e5 345 000 kronor \u2013 Sm\u00e5landsposten<\/a><\/p>\n\n\n\n<p><a href=\"https:\/\/www.barometern.se\/kalmar\/fran-usa-till-pukeberg-glaskonstnar-far-75-000-kronor\/\">Fr\u00e5n USA till Pukeberg \u2013 glaskonstn\u00e4r f\u00e5r 75 000 kronor \u2013 Barometern-OT<\/a><\/p>\n\n\n\n<p><a href=\"https:\/\/www.klt.nu\/kalmar\/25-arig-glaskonstnar-belonas-av-smalands-akademi\/\">25-\u00e5rig glaskonstn\u00e4r bel\u00f6nas av Sm\u00e5lands Akademi \u2013 Kalmar L\u00e4ns Tidning<\/a><\/p>\n\n\n\n<p><a href=\"https:\/\/www.aktuellanyheteriveckan.se\/kultur--noumlje\/smaalands-akademi-har-utsett-pristagare-foer-aar-2025\">Sm\u00e5lands Akademi har utsett pristagare f\u00f6r \u00e5r 2025 &#8211; Aktuella Nyheter i Veckan<\/a><\/p>\n\n\n\n<p><a href=\"https:\/\/xn--vrnamo-bua.nu\/nyheter\/museichef-far-fint-pris\/\">Museichef f\u00e5r fint pris &#8211; V\u00e4rnamo<\/a><\/p>\n","protected":false},"excerpt":{"rendered":"<p>Sex pristagare f\u00e5r dela p\u00e5 345&nbsp;000&nbsp; Den k\u00e4nde barnboksf\u00f6rfattaren&nbsp;Jakob Wegelius&nbsp;\u00e4r [&hellip;]<\/p>\n","protected":false},"author":1,"featured_media":0,"comment_status":"open","ping_status":"open","sticky":false,"template":"","format":"standard","meta":{"footnotes":""},"categories":[1],"tags":[],"class_list":["post-2032","post","type-post","status-publish","format-standard","hentry","category-okategoriserade"],"_links":{"self":[{"href":"http:\/\/www.smalandsakademi.se\/index.php?rest_route=\/wp\/v2\/posts\/2032","targetHints":{"allow":["GET"]}}],"collection":[{"href":"http:\/\/www.smalandsakademi.se\/index.php?rest_route=\/wp\/v2\/posts"}],"about":[{"href":"http:\/\/www.smalandsakademi.se\/index.php?rest_route=\/wp\/v2\/types\/post"}],"author":[{"embeddable":true,"href":"http:\/\/www.smalandsakademi.se\/index.php?rest_route=\/wp\/v2\/users\/1"}],"replies":[{"embeddable":true,"href":"http:\/\/www.smalandsakademi.se\/index.php?rest_route=%2Fwp%2Fv2%2Fcomments&post=2032"}],"version-history":[{"count":4,"href":"http:\/\/www.smalandsakademi.se\/index.php?rest_route=\/wp\/v2\/posts\/2032\/revisions"}],"predecessor-version":[{"id":2082,"href":"http:\/\/www.smalandsakademi.se\/index.php?rest_route=\/wp\/v2\/posts\/2032\/revisions\/2082"}],"wp:attachment":[{"href":"http:\/\/www.smalandsakademi.se\/index.php?rest_route=%2Fwp%2Fv2%2Fmedia&parent=2032"}],"wp:term":[{"taxonomy":"category","embeddable":true,"href":"http:\/\/www.smalandsakademi.se\/index.php?rest_route=%2Fwp%2Fv2%2Fcategories&post=2032"},{"taxonomy":"post_tag","embeddable":true,"href":"http:\/\/www.smalandsakademi.se\/index.php?rest_route=%2Fwp%2Fv2%2Ftags&post=2032"}],"curies":[{"name":"wp","href":"https:\/\/api.w.org\/{rel}","templated":true}]}}